{"id":7629,"date":"2025-09-22T10:27:26","date_gmt":"2025-09-22T08:27:26","guid":{"rendered":"https:\/\/landiphotoclub.fr\/?p=7629"},"modified":"2025-09-22T10:27:26","modified_gmt":"2025-09-22T08:27:26","slug":"une-rencontre-privilegiee-avec-gregory-pol-pour-les-membres-du-landi-photo-club","status":"publish","type":"post","link":"https:\/\/landiphotoclub.fr\/?p=7629","title":{"rendered":"Une rencontre privil\u00e9gi\u00e9e avec Gr\u00e9gory Pol, pour les membres du Landi Photo Club."},"content":{"rendered":"<p>Au Landi Photo Club, la saison 2025-2026 commence sur les chapeaux de roue avec un effectif qui devrait d\u00e9passer les 70 adh\u00e9rents, t\u00e9moignant du dynamisme de l\u2019association.<\/p>\n<p>Et ce vendredi 19 septembre, les membres ont eu la surprise de recevoir le grand photographe fran\u00e7ais Gr\u00e9gory Pol ; une rencontre in\u00e9dite et captivante qui a rassembl\u00e9 une cinquantaine d\u2019adh\u00e9rents. Ancien navigateur et plongeur de la Marine nationale, l\u2019artiste est un voyageur passionn\u00e9, sp\u00e9cialis\u00e9 dans la photo animali\u00e8re et la photo de nature.<\/p>\n<p>Il sillonne les territoires du bout du monde, pour en r\u00e9v\u00e9ler toute la beaut\u00e9 et \u00e9veiller les consciences, avec un regard unique. Son travail lui a valu plusieurs r\u00e9compenses, dont la M\u00e9daille d&rsquo;or de la section naturaliste du Salon National des Beaux-Arts au Carrousel du Louvre en 2018 (1er photographe \u00e0 recevoir cette r\u00e9compense). Il a maintes fois expos\u00e9 en France comme \u00e0 l\u2019\u00e9tranger et publi\u00e9 plusieurs livres.<\/p>\n<p>Gr\u00e9gory Pol a pr\u00e9sent\u00e9 son travail \u00e0 l\u2019auditoire, et r\u00e9pondu aux nombreuses questions, avant une petite s\u00e9ance de d\u00e9dicaces. Les membres du club ont \u00e9t\u00e9 s\u00e9duits par sa s\u00e9rie \u00ab Nord et Blanc \u00bb, des clich\u00e9s en noir blanc d\u2019animaux dans la neige ; une nature sauvage et innocente qui inspire l\u2019\u00e9motion et l\u2019admiration. Puis, place au projet \u00ab Un nouveau souffle \u00bb sublimant baleines, dauphins, phoques&#8230; ou encore son travail sur le harfang des neiges, sur Saint-Pierre et Miquelon ou l\u2019Afrique&#8230;<\/p>\n<p>Un r\u00e9gal pour les yeux !!! Quelle chance et quel honneur de recevoir Gr\u00e9gory Pol ! Son travail est une po\u00e9sie visuelle qui force le respect et inspire l\u2019humilit\u00e9 devant une m\u00e8re Nature aussi magique et magnifique.<\/p>\n<p>Les \u00e9changes furent passionnants et constructifs. La soir\u00e9e s\u2019est achev\u00e9e autour d\u2019un pot de l\u2019amiti\u00e9. Cette soir\u00e9e restera une belle page dans l\u2019histoire du club.<\/p>\n<p><img loading=\"lazy\" decoding=\"async\" class=\"aligncenter size-full wp-image-7628\" src=\"https:\/\/landiphotoclub.fr\/wp-content\/uploads\/2025\/09\/1000035769.jpg\" alt=\"\" width=\"1023\" height=\"585\" srcset=\"https:\/\/landiphotoclub.fr\/wp-content\/uploads\/2025\/09\/1000035769.jpg 1023w, https:\/\/landiphotoclub.fr\/wp-content\/uploads\/2025\/09\/1000035769-300x172.jpg 300w\" sizes=\"auto, (max-width: 1023px) 100vw, 1023px\" \/><\/p>\n","protected":false},"excerpt":{"rendered":"<p>Au Landi Photo Club, la saison 2025-2026 commence sur les chapeaux de roue avec un effectif qui devrait d\u00e9passer les 70 adh\u00e9rents, t\u00e9moignant du dynamisme de l\u2019association. Et ce vendredi 19 septembre, les membres ont eu la surprise de recevoir le grand photographe fran\u00e7ais Gr\u00e9gory Pol ; une rencontre in\u00e9dite et captivante qui a rassembl\u00e9 <a class=\"more-link\" href=\"https:\/\/landiphotoclub.fr\/?p=7629\">Lire plus &#8230;<\/a><\/p>\n","protected":false},"author":1,"featured_media":0,"comment_status":"closed","ping_status":"open","sticky":false,"template":"","format":"standard","meta":{"footnotes":""},"categories":[8],"tags":[],"class_list":["post-7629","post","type-post","status-publish","format-standard","hentry","category-presse"],"_links":{"self":[{"href":"https:\/\/landiphotoclub.fr\/index.php?rest_route=\/wp\/v2\/posts\/7629","targetHints":{"allow":["GET"]}}],"collection":[{"href":"https:\/\/landiphotoclub.fr\/index.php?rest_route=\/wp\/v2\/posts"}],"about":[{"href":"https:\/\/landiphotoclub.fr\/index.php?rest_route=\/wp\/v2\/types\/post"}],"author":[{"embeddable":true,"href":"https:\/\/landiphotoclub.fr\/index.php?rest_route=\/wp\/v2\/users\/1"}],"replies":[{"embeddable":true,"href":"https:\/\/landiphotoclub.fr\/index.php?rest_route=%2Fwp%2Fv2%2Fcomments&post=7629"}],"version-history":[{"count":3,"href":"https:\/\/landiphotoclub.fr\/index.php?rest_route=\/wp\/v2\/posts\/7629\/revisions"}],"predecessor-version":[{"id":7632,"href":"https:\/\/landiphotoclub.fr\/index.php?rest_route=\/wp\/v2\/posts\/7629\/revisions\/7632"}],"wp:attachment":[{"href":"https:\/\/landiphotoclub.fr\/index.php?rest_route=%2Fwp%2Fv2%2Fmedia&parent=7629"}],"wp:term":[{"taxonomy":"category","embeddable":true,"href":"https:\/\/landiphotoclub.fr\/index.php?rest_route=%2Fwp%2Fv2%2Fcategories&post=7629"},{"taxonomy":"post_tag","embeddable":true,"href":"https:\/\/landiphotoclub.fr\/index.php?rest_route=%2Fwp%2Fv2%2Ftags&post=7629"}],"curies":[{"name":"wp","href":"https:\/\/api.w.org\/{rel}","templated":true}]}}